{"id":5304,"date":"2026-04-27T14:11:09","date_gmt":"2026-04-27T12:11:09","guid":{"rendered":"https:\/\/eimacreacio.com\/resolucion-de-la-convocatoria-de-residencias-internacionales-2026-iberescena\/"},"modified":"2026-04-27T14:28:43","modified_gmt":"2026-04-27T12:28:43","slug":"resolucion-de-la-convocatoria-de-residencias-internacionales-2026-iberescena","status":"publish","type":"post","link":"https:\/\/eimacreacio.com\/es\/resolucion-de-la-convocatoria-de-residencias-internacionales-2026-iberescena\/","title":{"rendered":"Resoluci\u00f3n de la Convocatoria de Residencias Internacionales 2026 IBERESCENA"},"content":{"rendered":"\n<p>EiMa Creaci\u00f3 anuncia los proyectos seleccionados en la Convocatoria Internacional de Residencias 2026, desarrollada en el marco del programa IBERESCENA, cuyo objetivo es impulsar la creaci\u00f3n esc\u00e9nica contempor\u00e1nea y el intercambio entre artistas del espacio iberoamericano.<\/p>\n\n<p>Tras el cierre de la convocatoria el pasado 15 de marzo, y un proceso de evaluaci\u00f3n de los 128 proyectos presentados centrado en la calidad art\u00edstica, la innovaci\u00f3n, la relaci\u00f3n con el territorio y la perspectiva de g\u00e9nero, se han elegido dos proyectos en fase de creaci\u00f3n que formar\u00e1n parte del programa de residencias de EiMa durante el mes de julio de 2026.<\/p>\n\n<p><p><strong>Proyectos seleccionados<\/strong><\/p><\/p>\n\n<p><p><strong><em>Otra Primavera<\/em><\/strong><strong> \u2014 Alan Ib\u00e1\u00f1ez &amp; Merce Matus (Chile)<\/strong><\/p><br\/><p>El proyecto <em>Otra Primavera<\/em> propone una investigaci\u00f3n esc\u00e9nica que revisita de manera cr\u00edtica <em>La consagraci\u00f3n de la primavera<\/em>, desplazando su relato hacia una mirada contempor\u00e1nea situada en los m\u00e1rgenes. A trav\u00e9s del cuerpo y la performance, la pieza explora cuestiones como la alteridad, las identidades disidentes, la violencia estructural y la relaci\u00f3n con el entorno, planteando una relectura desde perspectivas queer, ecol\u00f3gicas y pol\u00edticas .<\/p><\/p>\n\n<p>La residencia en EiMa se plantea como un espacio para profundizar en la dramaturgia corporal de la obra, consolidar su investigaci\u00f3n y generar v\u00ednculos con el territorio y otros artistas, con vistas a su futura producci\u00f3n y circulaci\u00f3n internacional.<\/p>\n\n<p><p><strong><em>Mover las cosas<\/em><\/strong><strong> \u2014 Johanna Borchardt (Argentina)<\/strong><\/p><br\/><p><em>Mover las cosas<\/em> es un proyecto perform\u00e1tico y video-instalativo que investiga la relaci\u00f3n entre el cuerpo y los objetos cotidianos a trav\u00e9s de la repetici\u00f3n y el extra\u00f1amiento. A partir de acciones simples, la propuesta construye un dispositivo esc\u00e9nico donde el gesto repetido transforma la percepci\u00f3n del tiempo y del entorno, generando nuevas formas de presencia y atenci\u00f3n .<\/p><\/p>\n\n<p>Durante la residencia, la artista desarrollar\u00e1 un sistema de trabajo que permita profundizar en esta investigaci\u00f3n, abriendo un espacio de exploraci\u00f3n donde el error, la duraci\u00f3n y la escucha del cuerpo se convierten en herramientas centrales del proceso.<\/p>\n","protected":false},"excerpt":{"rendered":"<p>EiMa Creaci\u00f3 anuncia los proyectos seleccionados en la Convocatoria Internacional de Residencias 2026, desarrollada en el marco del programa IBERESCENA, cuyo objetivo es impulsar la creaci\u00f3n esc\u00e9nica contempor\u00e1nea y el intercambio entre artistas del espacio iberoamericano. Tras el cierre de la convocatoria el pasado 15 de marzo, y un proceso de evaluaci\u00f3n de los 128 [&hellip;]<\/p>\n","protected":false},"author":3,"featured_media":5294,"comment_status":"closed","ping_status":"closed","sticky":false,"template":"","format":"standard","meta":{"_acf_changed":false,"_et_pb_use_builder":"","_et_pb_old_content":"","_et_gb_content_width":"","footnotes":""},"categories":[23,40],"tags":[],"class_list":["post-5304","post","type-post","status-publish","format-standard","has-post-thumbnail","hentry","category-actualidad","category-destacado"],"acf":[],"_links":{"self":[{"href":"https:\/\/eimacreacio.com\/es\/wp-json\/wp\/v2\/posts\/5304","targetHints":{"allow":["GET"]}}],"collection":[{"href":"https:\/\/eimacreacio.com\/es\/wp-json\/wp\/v2\/posts"}],"about":[{"href":"https:\/\/eimacreacio.com\/es\/wp-json\/wp\/v2\/types\/post"}],"author":[{"embeddable":true,"href":"https:\/\/eimacreacio.com\/es\/wp-json\/wp\/v2\/users\/3"}],"replies":[{"embeddable":true,"href":"https:\/\/eimacreacio.com\/es\/wp-json\/wp\/v2\/comments?post=5304"}],"version-history":[{"count":1,"href":"https:\/\/eimacreacio.com\/es\/wp-json\/wp\/v2\/posts\/5304\/revisions"}],"predecessor-version":[{"id":5305,"href":"https:\/\/eimacreacio.com\/es\/wp-json\/wp\/v2\/posts\/5304\/revisions\/5305"}],"wp:featuredmedia":[{"embeddable":true,"href":"https:\/\/eimacreacio.com\/es\/wp-json\/wp\/v2\/media\/5294"}],"wp:attachment":[{"href":"https:\/\/eimacreacio.com\/es\/wp-json\/wp\/v2\/media?parent=5304"}],"wp:term":[{"taxonomy":"category","embeddable":true,"href":"https:\/\/eimacreacio.com\/es\/wp-json\/wp\/v2\/categories?post=5304"},{"taxonomy":"post_tag","embeddable":true,"href":"https:\/\/eimacreacio.com\/es\/wp-json\/wp\/v2\/tags?post=5304"}],"curies":[{"name":"wp","href":"https:\/\/api.w.org\/{rel}","templated":true}]}}