{"id":5302,"date":"2026-04-27T14:24:58","date_gmt":"2026-04-27T12:24:58","guid":{"rendered":"https:\/\/eimacreacio.com\/proximamente-festival-eima-2026-del-5-al-11-de-julio\/"},"modified":"2026-04-27T14:28:27","modified_gmt":"2026-04-27T12:28:27","slug":"proximamente-festival-eima-2026-del-5-al-11-de-julio","status":"publish","type":"post","link":"https:\/\/eimacreacio.com\/es\/proximamente-festival-eima-2026-del-5-al-11-de-julio\/","title":{"rendered":"Pr\u00f3ximamente &#8211; Festival EiMa 2026 del 5 al 11 de julio"},"content":{"rendered":"\n<p>El Festival EiMa 2026 celebrar\u00e1 su pr\u00f3xima edici\u00f3n con nuevas propuestas, nuevas fechas y nuevos emplazamientos, desplegando un programa de actuaciones, encuentros y actividades vinculadas a la creaci\u00f3n contempor\u00e1nea en di\u00e1logo con el territorio.<\/p>\n\n<p><p>El festival tendr\u00e1 lugar del <strong data-start=\"405\" data-end=\"433\">5 al 11 de julio de 2026<\/strong>, manteniendo su compromiso con las artes vivas y con la generaci\u00f3n de espacios de relaci\u00f3n entre artistas, comunidad y contexto rural.<\/p><\/p>\n\n<p>En esta nueva edici\u00f3n, EiMa contin\u00faa profundizando en su l\u00ednea de trabajo que conecta creaci\u00f3n, territorio y comunidad, activando distintos espacios del municipio y abriendo nuevas formas de encuentro con el p\u00fablico.<\/p>\n\n<p><p data-start=\"788\" data-end=\"848\"><strong data-start=\"788\" data-end=\"848\">Pr\u00f3ximamente se dar\u00e1 a conocer la programaci\u00f3n completa.<\/strong><\/p><\/p>\n","protected":false},"excerpt":{"rendered":"<p>El Festival EiMa 2026 celebrar\u00e1 su pr\u00f3xima edici\u00f3n con nuevas propuestas, nuevas fechas y nuevos emplazamientos, desplegando un programa de actuaciones, encuentros y actividades vinculadas a la creaci\u00f3n contempor\u00e1nea en di\u00e1logo con el territorio. El festival tendr\u00e1 lugar del 5 al 11 de julio de 2026, manteniendo su compromiso con las artes vivas y con [&hellip;]<\/p>\n","protected":false},"author":3,"featured_media":5301,"comment_status":"closed","ping_status":"closed","sticky":false,"template":"","format":"standard","meta":{"_acf_changed":false,"_et_pb_use_builder":"","_et_pb_old_content":"","_et_gb_content_width":"","footnotes":""},"categories":[23,40],"tags":[],"class_list":["post-5302","post","type-post","status-publish","format-standard","has-post-thumbnail","hentry","category-actualidad","category-destacado"],"acf":[],"_links":{"self":[{"href":"https:\/\/eimacreacio.com\/es\/wp-json\/wp\/v2\/posts\/5302","targetHints":{"allow":["GET"]}}],"collection":[{"href":"https:\/\/eimacreacio.com\/es\/wp-json\/wp\/v2\/posts"}],"about":[{"href":"https:\/\/eimacreacio.com\/es\/wp-json\/wp\/v2\/types\/post"}],"author":[{"embeddable":true,"href":"https:\/\/eimacreacio.com\/es\/wp-json\/wp\/v2\/users\/3"}],"replies":[{"embeddable":true,"href":"https:\/\/eimacreacio.com\/es\/wp-json\/wp\/v2\/comments?post=5302"}],"version-history":[{"count":1,"href":"https:\/\/eimacreacio.com\/es\/wp-json\/wp\/v2\/posts\/5302\/revisions"}],"predecessor-version":[{"id":5303,"href":"https:\/\/eimacreacio.com\/es\/wp-json\/wp\/v2\/posts\/5302\/revisions\/5303"}],"wp:featuredmedia":[{"embeddable":true,"href":"https:\/\/eimacreacio.com\/es\/wp-json\/wp\/v2\/media\/5301"}],"wp:attachment":[{"href":"https:\/\/eimacreacio.com\/es\/wp-json\/wp\/v2\/media?parent=5302"}],"wp:term":[{"taxonomy":"category","embeddable":true,"href":"https:\/\/eimacreacio.com\/es\/wp-json\/wp\/v2\/categories?post=5302"},{"taxonomy":"post_tag","embeddable":true,"href":"https:\/\/eimacreacio.com\/es\/wp-json\/wp\/v2\/tags?post=5302"}],"curies":[{"name":"wp","href":"https:\/\/api.w.org\/{rel}","templated":true}]}}