{"id":5284,"date":"2026-04-27T14:00:51","date_gmt":"2026-04-27T12:00:51","guid":{"rendered":"https:\/\/eimacreacio.com\/proyectos-seleccionados-residencias-1er-semestre-2026\/"},"modified":"2026-04-27T14:07:27","modified_gmt":"2026-04-27T12:07:27","slug":"proyectos-seleccionados-residencias-1er-semestre-2026","status":"publish","type":"post","link":"https:\/\/eimacreacio.com\/es\/proyectos-seleccionados-residencias-1er-semestre-2026\/","title":{"rendered":"Proyectos seleccionados \u2013 Residencias 1er semestre 2026"},"content":{"rendered":"\n<p>Desde EiMa Creaci\u00f3 anunciamos los proyectos seleccionados en la convocatoria de residencias correspondiente al primer semestre de 2026.<\/p>\n\n<p>Tras un proceso de valoraci\u00f3n entre un elevado n\u00famero de propuestas recibidas, los proyectos seleccionados son:<\/p>\n\n<ul class=\"wp-block-list\">\n<li><p><em data-start=\"1375\" data-end=\"1383\">Cossia<\/em>, de Leticia Mu\u00f1oz y Llu\u00eds Vida\u00f1a (Mallorca)<\/p><\/li>\n\n\n\n<li><p><em data-start=\"1432\" data-end=\"1439\">Rampa<\/em>, de Cia. Unaiuna (Mallorca)<\/p><\/li>\n\n\n\n<li><p><em data-start=\"1472\" data-end=\"1507\">La tierra es de qui\u00e9n la trabaja?<\/em>, de Valeria Polorena (Catalunya\/Argentina)<\/p><\/li>\n\n\n\n<li><p><em data-start=\"1555\" data-end=\"1565\">Sembrart<\/em>, de Cia. Moviments (Mallorca)<\/p><\/li>\n\n\n\n<li><p><em data-start=\"1600\" data-end=\"1614\">Malas Carnes<\/em>, de Cia. Meat Me (Catalunya)<\/p><\/li>\n<\/ul>\n\n<p>Esta selecci\u00f3n refleja la diversidad de lenguajes y pr\u00e1cticas en las artes vivas contempor\u00e1neas, as\u00ed como el compromiso con el territorio y el contexto en el que se desarrollan los procesos de creaci\u00f3n.<\/p>\n\n<p>Queremos agradecer sinceramente todas las propuestas recibidas, que evidencian la vitalidad y la calidad del sector.<\/p>\n","protected":false},"excerpt":{"rendered":"<p>Desde EiMa Creaci\u00f3 anunciamos los proyectos seleccionados en la convocatoria de residencias correspondiente al primer semestre de 2026. Tras un proceso de valoraci\u00f3n entre un elevado n\u00famero de propuestas recibidas, los proyectos seleccionados son: Esta selecci\u00f3n refleja la diversidad de lenguajes y pr\u00e1cticas en las artes vivas contempor\u00e1neas, as\u00ed como el compromiso con el territorio [&hellip;]<\/p>\n","protected":false},"author":3,"featured_media":5283,"comment_status":"closed","ping_status":"closed","sticky":false,"template":"","format":"standard","meta":{"_acf_changed":false,"_et_pb_use_builder":"","_et_pb_old_content":"","_et_gb_content_width":"","footnotes":""},"categories":[23,40],"tags":[],"class_list":["post-5284","post","type-post","status-publish","format-standard","has-post-thumbnail","hentry","category-actualidad","category-destacado"],"acf":[],"_links":{"self":[{"href":"https:\/\/eimacreacio.com\/es\/wp-json\/wp\/v2\/posts\/5284","targetHints":{"allow":["GET"]}}],"collection":[{"href":"https:\/\/eimacreacio.com\/es\/wp-json\/wp\/v2\/posts"}],"about":[{"href":"https:\/\/eimacreacio.com\/es\/wp-json\/wp\/v2\/types\/post"}],"author":[{"embeddable":true,"href":"https:\/\/eimacreacio.com\/es\/wp-json\/wp\/v2\/users\/3"}],"replies":[{"embeddable":true,"href":"https:\/\/eimacreacio.com\/es\/wp-json\/wp\/v2\/comments?post=5284"}],"version-history":[{"count":1,"href":"https:\/\/eimacreacio.com\/es\/wp-json\/wp\/v2\/posts\/5284\/revisions"}],"predecessor-version":[{"id":5285,"href":"https:\/\/eimacreacio.com\/es\/wp-json\/wp\/v2\/posts\/5284\/revisions\/5285"}],"wp:featuredmedia":[{"embeddable":true,"href":"https:\/\/eimacreacio.com\/es\/wp-json\/wp\/v2\/media\/5283"}],"wp:attachment":[{"href":"https:\/\/eimacreacio.com\/es\/wp-json\/wp\/v2\/media?parent=5284"}],"wp:term":[{"taxonomy":"category","embeddable":true,"href":"https:\/\/eimacreacio.com\/es\/wp-json\/wp\/v2\/categories?post=5284"},{"taxonomy":"post_tag","embeddable":true,"href":"https:\/\/eimacreacio.com\/es\/wp-json\/wp\/v2\/tags?post=5284"}],"curies":[{"name":"wp","href":"https:\/\/api.w.org\/{rel}","templated":true}]}}